
{"id":86531,"date":"2021-06-10T11:42:28","date_gmt":"2021-06-10T10:42:28","guid":{"rendered":"https:\/\/smeclimatehub.org\/make-architecture-markerar-det-1-000e-sma-och-medelstora-foretaget-varlden-over-som-engagerar-sig-i-sme-climate-hub\/"},"modified":"2025-09-15T22:23:07","modified_gmt":"2025-09-15T21:23:07","slug":"make-architecture-markerar-det-1-000e-sma-och-medelstora-foretaget-varlden-over-som-engagerar-sig-i-sme-climate-hub","status":"publish","type":"post","link":"https:\/\/smeclimatehub.org\/sv\/make-architecture-markerar-det-1-000e-sma-och-medelstora-foretaget-varlden-over-som-engagerar-sig-i-sme-climate-hub\/","title":{"rendered":"Make Architecture markerar det 1 000:e sm\u00e5 och medelstora f\u00f6retaget v\u00e4rlden \u00f6ver som engagerar sig i SME Climate Hub"},"content":{"rendered":"\n<p><strong>SME Climate Hub pratade med Makes arkitekt och h\u00e5llbarhetsansvarig, Oliver Hall, f\u00f6r att h\u00f6ra mer om deras strategi f\u00f6r klimat\u00e5tg\u00e4rder och hur de lutar sig mot SME Climate Hub f\u00f6r att fr\u00e4mja sina m\u00e5l<\/strong> .<\/p>\n\n<p>SME Climate Hub passerade nyligen en viktig milstolpe: \u00f6ver 1 000 sm\u00e5f\u00f6retag fr\u00e5n hela v\u00e4rlden har undertecknat <a href=\"https:\/\/smeclimatehub.org\/sv\/engagemang\/\" target=\"_blank\" rel=\"noreferrer noopener\">SME Climate Commitment<\/a> , som s\u00e4tter ett m\u00e5l att halvera koldioxidutsl\u00e4ppen till 2030 och n\u00e5 nettonollutsl\u00e4pp f\u00f6re 2050. Dessa f\u00f6retag driver klimat\u00e5tg\u00e4rder inom olika branscher och geografiska omr\u00e5den. De \u00e4r en del av den globala r\u00f6relsen av sm\u00e5f\u00f6retag som tar sin del f\u00f6r att undvika de v\u00e4rsta effekterna av klimatf\u00f6r\u00e4ndringarna och bygga upp f\u00f6retagens motst\u00e5ndskraft l\u00e4ngs v\u00e4gen.    <\/p>\n\n<p>F\u00f6r att fira milstolpen pratade vi med det 1 000: <sup>e<\/sup> sm\u00e5 och medelstora f\u00f6retaget som g\u00e5tt med i SME Climate Hub. <a href=\"https:\/\/www.makearchitects.com\/\" target=\"_blank\" rel=\"noreferrer noopener\">Make<\/a> , ett internationellt arkitektkontor som grundades 2004, forts\u00e4tter att vara motiverat av ett enda syfte: att designa de b\u00e4sta platserna, utrymmena och byggnaderna i v\u00e4rlden. F\u00f6r Make betyder det inte bara estetisk tilltalande \u2013 deras designprocess har prioriterat koldioxidp\u00e5verkan sedan f\u00f6retagets start. Hundra projekt, och 17 \u00e5r senare, delar Make med sig av sina motiv f\u00f6r att designa h\u00e5llbart, hur klimat\u00e5tg\u00e4rder str\u00e4cker sig \u00f6ver deras projekt och sitt beroende av SME Climate Hub som en gemenskap och resurs f\u00f6r sina insatser.    <\/p>\n\n<p><em><strong>Hur har Make prioriterat klimat\u00e5tg\u00e4rder tidigare? Hur tror du att ditt engagemang i SME Climate Hub kan p\u00e5verka din f\u00f6rm\u00e5ga att vidta klimat\u00e5tg\u00e4rder eller \u00f6ka din p\u00e5verkan?   <\/strong><\/em><\/p>\n\n<p>Som arkitekter har vi fokuserat p\u00e5 att minska milj\u00f6p\u00e5verkan fr\u00e5n de byggnader vi skapar, med fokus p\u00e5 passiv design, avfallsminskning och energiprestanda. Ett s\u00e5dant exempel \u00e4r &#8221;glasl\u00e5dans d\u00f6d&#8221;. Vi g\u00e5r bortom id\u00e9n att kontor beh\u00f6ver glas fr\u00e5n golv till tak, vilket bidrar till \u00f6verhettning p\u00e5 sommaren och betydande v\u00e4rmef\u00f6rluster p\u00e5 vintern.    <\/p>\n\n<p>V\u00e5rt engagemang i <a href=\"https:\/\/unfccc.int\/climate-action\/race-to-zero-campaign\" target=\"_blank\" rel=\"noreferrer noopener\">Race to Zero<\/a> genom SME Climate Hub ger oss en m\u00f6jlighet att t\u00e4nka bortom v\u00e5rt dagliga jobb med att designa byggnader och att reflektera \u00f6ver v\u00e5ra egna utrymmen, hur vi bor i dem och de resurser vi anv\u00e4nder n\u00e4r vi utformar platser f\u00f6r andra. Denna \u00f6vning kommer utan tvekan att \u00f6ka v\u00e5r f\u00f6rst\u00e5else f\u00f6r alla \u00e5tg\u00e4rder som kan vidtas f\u00f6r att minska en byggnads \u2013 och ett f\u00f6retags \u2013 koldioxidavtryck, vilket vi kan oms\u00e4tta i praktiken i v\u00e5ra projekt och f\u00f6respr\u00e5ka f\u00f6r v\u00e5ra kunder.   <\/p>\n\n<p><em><strong>Varf\u00f6r agerar ni klimatf\u00f6r\u00e4ndringarna nu?  <\/strong><\/em><\/p>\n\n<p>H\u00e5llbarhet har alltid varit viktigt, men br\u00e5dskandet har aldrig varit s\u00e5 tydligt som nu. Vi st\u00e5r inf\u00f6r en existentiell kris, och som arkitekter \u00e4r det v\u00e5r plikt att designa p\u00e5 s\u00e4tt som lindrar detta hot \u2013 vi m\u00e5ste designa f\u00f6r m\u00e4nniskors h\u00e4lsa och v\u00e5r planets h\u00e4lsa. Det \u00e4r d\u00e4rf\u00f6r v\u00e5r strategi f\u00f6r h\u00e5llbar utveckling nu beaktar de milj\u00f6m\u00e4ssiga, sociala och ekonomiska aspekterna av varje projekt, vilket resulterar i en enda, sammankopplad l\u00f6sning.    <\/p>\n\n<p>Vi tar tillf\u00e4llet i akt att p\u00e5verka och f\u00f6respr\u00e5ka f\u00f6r\u00e4ndring i v\u00e5ra projekt och pratar med v\u00e5ra kunder om vad vi beh\u00f6ver g\u00f6ra och hur vi kan g\u00f6ra det f\u00f6r att mildra effekterna av klimatf\u00f6r\u00e4ndringar och nedbrytning av biologisk m\u00e5ngfald.  <\/p>\n\n<p>Under senare \u00e5r, med klimatkrisen i f\u00f6rgrunden och byggbranschen som anammat behovet av att agera mot f\u00f6rkroppsligade koldioxidutsl\u00e4pp, har v\u00e5ra m\u00e5l utvecklats till att \u00e5ta oss att designa byggnader med nettonollkoldioxidutsl\u00e4pp (f\u00f6rkroppsligade och operativa) senast 2030 och att bed\u00f6ma alla projekt mot Makes &#8221;sex h\u00e5llbarhetspelare&#8221; \u2013 koldioxid, milj\u00f6, samh\u00e4lle, v\u00e4lbefinnande, uppkoppling och gr\u00f6n ekonomi \u2013 vilka \u00e4r kopplade till FN:s globala m\u00e5l f\u00f6r h\u00e5llbar utveckling. Dessutom f\u00f6respr\u00e5kar vi att kunder riktar in sig p\u00e5 branschledande operativa och f\u00f6rkroppsligade koldioxidm\u00e4tv\u00e4rden, s\u00e5som LETI:s m\u00e5l f\u00f6r 2030, och engagerar sig i transparent rapportering enligt betygssystem som NABERS; Design for Performance.   <\/p>\n\n<p><strong><em>Varf\u00f6r gjorde ni ett klimat\u00e5tagande med SME Climate Hub?  <\/em><\/strong><\/p>\n\n<p>Alltf\u00f6r ofta begr\u00e4nsar sig organisationer till opinionsbildning inom sin egen bransch. SME Climate Hub \u00e4r en m\u00f6jlighet till sektors\u00f6vergripande \u00f6verenskommelser som visar att alla kan arbeta tillsammans f\u00f6r att mildra effekterna av klimatf\u00f6r\u00e4ndringarna.   <\/p>\n\n<p>Nu n\u00e4r Storbritannien ska vara v\u00e4rd f\u00f6r COP26 \u00e4r det viktigt att vi r\u00e4cker upp handen f\u00f6r att st\u00f6dja positiv f\u00f6r\u00e4ndring och samarbeta med f\u00f6retag av liknande storlek, vilket visar att varje organisation av alla storlekar har en roll att spela.  <\/p>\n\n<figure class=\"wp-block-image size-large\"><img loading=\"lazy\" decoding=\"async\" width=\"1024\" height=\"536\" src=\"https:\/\/smeclimatehub.org\/wp-content\/uploads\/2021\/06\/image-1024x536.jpeg\" alt=\"\" class=\"wp-image-3345\" srcset=\"https:\/\/smeclimatehub.org\/wp-content\/uploads\/2021\/06\/image-1024x536.jpeg 1024w, https:\/\/smeclimatehub.org\/wp-content\/uploads\/2021\/06\/image-300x157.jpeg 300w, https:\/\/smeclimatehub.org\/wp-content\/uploads\/2021\/06\/image-768x402.jpeg 768w, https:\/\/smeclimatehub.org\/wp-content\/uploads\/2021\/06\/image-1536x804.jpeg 1536w, https:\/\/smeclimatehub.org\/wp-content\/uploads\/2021\/06\/image-960x503.jpeg 960w, https:\/\/smeclimatehub.org\/wp-content\/uploads\/2021\/06\/image-1140x597.jpeg 1140w, https:\/\/smeclimatehub.org\/wp-content\/uploads\/2021\/06\/image-570x299.jpeg 570w, https:\/\/smeclimatehub.org\/wp-content\/uploads\/2021\/06\/image-330x173.jpeg 330w, https:\/\/smeclimatehub.org\/wp-content\/uploads\/2021\/06\/image-195x102.jpeg 195w, https:\/\/smeclimatehub.org\/wp-content\/uploads\/2021\/06\/image-150x79.jpeg 150w, https:\/\/smeclimatehub.org\/wp-content\/uploads\/2021\/06\/image.jpeg 1600w\" sizes=\"auto, (max-width: 1024px) 100vw, 1024px\" \/><\/figure>\n\n<p><strong><em>Vilka \u00e4r de vanligaste anledningarna till att sm\u00e5 och medelstora f\u00f6retag i er bransch hindrar dem fr\u00e5n att engagera sig i klimat\u00e5tg\u00e4rder?  <\/em><\/strong><\/p>\n\n<p><strong><em>\u202f <\/em><\/strong>Engagemang kan ofta ses som en risk, medan att h\u00e5lla fast vid status quo ses som ett s\u00e4krare alternativ som \u00e4r b\u00e4ttre f\u00f6r aff\u00e4rerna \u2013 tanken \u00e4r att om man f\u00f6rbinder sig och inte uppn\u00e5r det man har \u00e5tagit sig, kan det skada ens rykte. Naturligtvis \u00e4r inget av detta en lika stor risk som klimatkollapsen.   <\/p>\n\n<p>Arkitekter befinner sig i en sv\u00e5r position eftersom v\u00e5ra tj\u00e4nster designar byggnader f\u00f6r kunder. Kunderna fattar i slut\u00e4ndan besluten, s\u00e5 v\u00e5r f\u00f6rm\u00e5ga att engagera oss m\u00e5ste komma fr\u00e5n en plats av opinionsbildning och proaktiv utbildning av andra, samtidigt som vi visar att h\u00f6gkvalitativ arkitektur kan uppn\u00e5s p\u00e5 ett h\u00e5llbart s\u00e4tt. I slut\u00e4ndan \u00e4r klimat\u00e5tg\u00e4rder en designutmaning.    <\/p>\n\n<p>Vi kan inte tvinga folk att g\u00f6ra det r\u00e4tta, s\u00e5 det \u00e4r viktigt att vi g\u00f6r allt vi kan f\u00f6r att p\u00e5verka argumentet. Det \u00e4r v\u00e4rt att s\u00e4ga att m\u00e5nga av v\u00e5ra kunder under de senaste \u00e5ren har insett klimatkrisen och nu proaktivt \u00e5tar sig att f\u00f6r\u00e4ndras, med nettonollutsl\u00e4pp av koldioxid till 2030 som blir vanligt f\u00f6rekommande i projektbeskrivningar.   <\/p>\n\n<p><strong><em>Hur ska ert f\u00f6retag halvera utsl\u00e4ppen till 2030?<\/em><\/strong><\/p>\n\n<p>V\u00e5r studio i London \u2013 en lokal vi sj\u00e4lva designat \u2013 \u00e4r redan nettonoll koldioxidutsl\u00e4pp enligt Scope 1 och 2. Vi har 100 % f\u00f6rnybar elf\u00f6rs\u00f6rjning, med passiv och koldioxidsn\u00e5l rumskonditionering. Studion \u00e4r en renovering av ett gammalt parkeringshus, s\u00e5 \u00e4ven v\u00e5rt koldioxidutsl\u00e4pp i lokalen \u00e4r l\u00e5gt.    <\/p>\n\n<p>V\u00e5r st\u00f6rsta utmaning \u00e4r v\u00e5ra studior i Hongkong och Sydney. Som hyresg\u00e4ster inom ett st\u00f6rre omr\u00e5de kan vi inte kontrollera energif\u00f6rs\u00f6rjningen i lokalen. F\u00f6r detta kommer vi att forts\u00e4tta f\u00f6respr\u00e5ka f\u00f6r\u00e4ndring, men vi beh\u00f6ver titta p\u00e5 certifierade kompensationsprojekt, s\u00e5som \u00e5terbeskogningsprojekt runt om i v\u00e4rlden eller genom v\u00e5r egen tr\u00e4dplantering i Storbritannien. Vi har ber\u00e4knat att om vi planterar 200 tr\u00e4d per \u00e5r skulle vi vara koldioxidneutrala f\u00f6r det \u00e5ret. Det skulle inkludera att kompensera f\u00f6r de flesta av v\u00e5ra Scope 3-utsl\u00e4pp: v\u00e5ra internationella flygningar, deponiavfall och kontorsrelaterade artiklar, ut\u00f6ver energi och uppv\u00e4rmning f\u00f6r Hongkong och Sydney.     <\/p>\n\n<p><strong><em>Vilka \u00e4r de st\u00f6rsta hindren f\u00f6r att halvera utsl\u00e4ppen till 2030 f\u00f6r er organisation och\/eller er bransch?   <\/em><\/strong><\/p>\n\n<p>Som enskilda konsumenter skulle vi alla kunna \u00e4ndra v\u00e5ra vanor f\u00f6r att minska v\u00e5rt koldioxidavtryck \u00f6ver en natt, men byggbranschen har inte den lyxen, \u00e4ven om alla ville.  <\/p>\n\n<p>De flesta byggprojekt tar m\u00e5nga \u00e5r fr\u00e5n drifts\u00e4ttning till f\u00e4rdigst\u00e4llande. Klimat\u00e5tg\u00e4rder m\u00e5ste vidtas nu, eftersom 2030 bara \u00e4r en eller tv\u00e5 projektcykler bort f\u00f6r de st\u00f6rsta och mest p\u00e5verkande byggnaderna. F\u00f6r att mildra klimatf\u00f6r\u00e4ndringarna m\u00e5ste vi rikta in oss p\u00e5 energieffektivitet l\u00e5ngt ut\u00f6ver g\u00e4llande lagstiftning och minska utsl\u00e4ppen av inkorporerat koldioxid, vilket inte ens \u00e4r lagstiftat f\u00f6r i Storbritannien. Om 8,5 \u00e5r m\u00e5ste vi fundamentalt f\u00f6r\u00e4ndra hur vi designar nya byggnader, uppgraderar en leveranskedja och omskolar en hel industri.     <\/p>\n\n<p><strong><em>Hur tror du att ditt f\u00f6retag kommer att gynnas av att vidta klimat\u00e5tg\u00e4rder? Varf\u00f6r tror du att det \u00e4r viktigt f\u00f6r andra f\u00f6retag i din bransch att g\u00f6ra detsamma?  <\/em><\/strong><\/p>\n\n<p>Klimat\u00e5tg\u00e4rder \u00e4r ett \u00e4mne som f\u00e5r konsekvenser f\u00f6r oss alla. D\u00e4rf\u00f6r b\u00f6r alla utbildas och ha en r\u00f6st i hur f\u00f6retaget hanterar fr\u00e5gan. Det \u00e4r Makes tillv\u00e4gag\u00e5ngss\u00e4tt. V\u00e5r interna arbetsgrupp, Make Neutral, inkluderar representanter fr\u00e5n hela f\u00f6retaget och projekten, som fungerar som ett nav f\u00f6r kunskapsdelning och policyf\u00f6r\u00e4ndringar. Vi tror att om alla f\u00f6retag tittade p\u00e5 det ur den enskilda medarbetarens perspektiv skulle det f\u00f6rb\u00e4ttra engagemanget och underl\u00e4tta f\u00f6r\u00e4ndring snabbare.      <\/p>\n\n<p><strong><em>Hur samarbetar ni med era kunder f\u00f6r att uppn\u00e5 b\u00e5da era klimatm\u00e5l?   <\/em><\/strong><\/p>\n\n<p>Som praktik har vi utvecklat en verktygsl\u00e5da f\u00f6r h\u00e5llbar design som f\u00f6rklarar f\u00f6r varje arkitekt vad vi b\u00f6r fr\u00e5ga v\u00e5ra kunder i varje steg av designprocessen, fr\u00e5n uppdrag till f\u00e4rdigst\u00e4llande och d\u00e4refter. Verktygsl\u00e5dan listar m\u00e4tv\u00e4rden, exempel och b\u00e4sta praxis f\u00f6r att underl\u00e4tta samtalet och visa hur en byggnad med l\u00e4gre milj\u00f6p\u00e5verkan kan uppn\u00e5s. Det \u00e4r i h\u00f6g grad ett gemensamt arbete.    <\/p>\n\n<p><strong><em>Kan du ber\u00e4tta lite om ett projekt du nyligen arbetat med som prioriterade h\u00e5llbarhet?  <\/em><\/strong><\/p>\n\n<p>Vi arbetar f\u00f6r n\u00e4rvarande med Salford Crescent Masterplan, en 102 hektar stor tomt, vilket inneb\u00e4r att vi inte bara reagerar p\u00e5 klimatkrisen, utan ocks\u00e5 fastst\u00e4ller uppdraget f\u00f6r framtida projekt i samarbete med Salford City Council.  <\/p>\n\n<p>H\u00e5llbarhet kommer att vara i centrum f\u00f6r framtida utvecklingsf\u00f6rslag. Med de befintliga gr\u00f6na tillg\u00e5ngarna i hela omr\u00e5det, i kombination med omfattningen av potentiell utveckling, blandningen av anv\u00e4ndningsomr\u00e5den och m\u00f6jligheter att leverera betydande f\u00f6rb\u00e4ttringar av det offentliga utrymmet samt en rad h\u00e5llbara transportl\u00f6sningar, ger utvecklingen en unik m\u00f6jlighet att leda v\u00e4gen p\u00e5 v\u00e4gen mot koldioxidneutralitet.   <\/p>\n\n<p>M\u00e5len \u00e4r mycket ambiti\u00f6sa och kommer att driva p\u00e5 verklig f\u00f6r\u00e4ndring i hur byggnader och infrastruktur utformas och konstrueras. Nettonollutsl\u00e4pp av koldioxid \u00e4r ett centralt m\u00e5l f\u00f6r Salford Crescent, och m\u00e5len som satts kring inneslutet koldioxid och driftsenergi \u00e4r ambiti\u00f6sa och kommer att kr\u00e4va ett nytt s\u00e4tt att designa och bygga. Bredare h\u00e5llbarhetsm\u00e5l som klimatmotst\u00e5ndskraft och biologisk m\u00e5ngfald \u00e4r dock lika viktiga.    <\/p>\n\n<p><strong><em>Vilka r\u00e5d har du till sm\u00e5f\u00f6retag, b\u00e5de inom och utanf\u00f6r din bransch?  <\/em><\/strong><\/p>\n\n<p>Det f\u00f6rsta steget \u00e4r det sv\u00e5raste. Att ta itu med klimatf\u00f6r\u00e4ndringarna och st\u00e4lla om ditt f\u00f6retag till nettonollutsl\u00e4pp kan verka som en om\u00f6jlig uppgift, men vi har uppt\u00e4ckt att om du har drivkraften och ger dina anst\u00e4llda m\u00f6jlighet, kan f\u00f6r\u00e4ndring ske snabbare \u00e4n du kanske tror.   <\/p>\n\n<p>Sm\u00e5 och medelstora f\u00f6retag runt om i v\u00e4rlden kan g\u00e5 med i f\u00f6retag som Make och ta f\u00f6rsta steget mot klimat\u00e5tg\u00e4rder genom <a href=\"https:\/\/smeclimatehub.org\/sv\/engagemang\/\" target=\"_blank\" rel=\"noreferrer noopener\">att engagera sig i SME Climate Hub<\/a> idag. F\u00f6r sm\u00e5 och medelstora f\u00f6retag som \u00e4r engagerade i Hub och \u00e4r intresserade av att ber\u00e4tta sina egna historier om att driva klimat\u00e5tg\u00e4rder, v\u00e4nligen <a href=\"mailto:sasha@wemeanbusinesscoalition.org\" target=\"_blank\" rel=\"noreferrer noopener\">kontakta oss<\/a> !   <\/p>\n","protected":false},"excerpt":{"rendered":"<p>SME Climate Hub passerade nyligen en viktig milstolpe: \u00f6ver 1 000 sm\u00e5f\u00f6retag fr\u00e5n hela v\u00e4rlden har undertecknat SME Climate Commitment, som s\u00e4tter ett m\u00e5l att halvera koldioxidutsl\u00e4ppen till 2030 och n\u00e5 nettonollutsl\u00e4pp f\u00f6re 2050. Dessa f\u00f6retag driver klimat\u00e5tg\u00e4rder inom olika branscher och geografiska omr\u00e5den. De \u00e4r en del av den globala r\u00f6relsen av sm\u00e5f\u00f6retag som tar sin del f\u00f6r att undvika de v\u00e4rsta effekterna av klimatf\u00f6r\u00e4ndringarna och bygga upp f\u00f6retagens motst\u00e5ndskraft l\u00e4ngs v\u00e4gen.    <\/p>\n","protected":false},"author":10027,"featured_media":29226,"comment_status":"closed","ping_status":"closed","sticky":false,"template":"","format":"standard","meta":{"_acf_changed":false,"inline_featured_image":false,"footnotes":""},"categories":[169],"tags":[],"class_list":["post-86531","post","type-post","status-publish","format-standard","has-post-thumbnail","hentry","category-sme-sv"],"acf":[],"yoast_head":"<title>Make Architecture markerar det 1 000:e sm\u00e5 och medelstora f\u00f6retaget v\u00e4rlden \u00f6ver som engagerar sig i SME Climate Hub - SME Climate Hub<\/title>\n<meta name=\"robots\" content=\"index, follow, max-snippet:-1, max-image-preview:large, max-video-preview:-1\" \/>\n<link rel=\"canonical\" href=\"https:\/\/smeclimatehub.org\/sv\/make-architecture-markerar-det-1-000e-sma-och-medelstora-foretaget-varlden-over-som-engagerar-sig-i-sme-climate-hub\/\" \/>\n<meta property=\"og:locale\" content=\"sv_SE\" \/>\n<meta property=\"og:type\" content=\"article\" \/>\n<meta property=\"og:title\" content=\"Make Architecture markerar det 1 000:e sm\u00e5 och medelstora f\u00f6retaget v\u00e4rlden \u00f6ver som engagerar sig i SME Climate Hub - SME Climate Hub\" \/>\n<meta property=\"og:description\" content=\"SME Climate Hub passerade nyligen en viktig milstolpe: \u00f6ver 1 000 sm\u00e5f\u00f6retag fr\u00e5n hela v\u00e4rlden har undertecknat SME Climate Commitment, som s\u00e4tter ett m\u00e5l att halvera koldioxidutsl\u00e4ppen till 2030 och n\u00e5 nettonollutsl\u00e4pp f\u00f6re 2050. Dessa f\u00f6retag driver klimat\u00e5tg\u00e4rder inom olika branscher och geografiska omr\u00e5den. De \u00e4r en del av den globala r\u00f6relsen av sm\u00e5f\u00f6retag som tar sin del f\u00f6r att undvika de v\u00e4rsta effekterna av klimatf\u00f6r\u00e4ndringarna och bygga upp f\u00f6retagens motst\u00e5ndskraft l\u00e4ngs v\u00e4gen.\" \/>\n<meta property=\"og:url\" content=\"https:\/\/smeclimatehub.org\/sv\/make-architecture-markerar-det-1-000e-sma-och-medelstora-foretaget-varlden-over-som-engagerar-sig-i-sme-climate-hub\/\" \/>\n<meta property=\"og:site_name\" content=\"SME Climate Hub\" \/>\n<meta property=\"article:published_time\" content=\"2021-06-10T10:42:28+00:00\" \/>\n<meta property=\"article:modified_time\" content=\"2025-09-15T21:23:07+00:00\" \/>\n<meta property=\"og:image\" content=\"https:\/\/smeclimatehub.org\/wp-content\/uploads\/2021\/06\/image-1024x536-1.jpeg\" \/>\n\t<meta property=\"og:image:width\" content=\"1024\" \/>\n\t<meta property=\"og:image:height\" content=\"536\" \/>\n\t<meta property=\"og:image:type\" content=\"image\/jpeg\" \/>\n<meta name=\"author\" content=\"adel.eskic\" \/>\n<meta name=\"twitter:card\" content=\"summary_large_image\" \/>\n<meta name=\"twitter:label1\" content=\"Written by\" \/>\n\t<meta name=\"twitter:data1\" content=\"adel.eskic\" \/>\n\t<meta name=\"twitter:label2\" content=\"Est. reading time\" \/>\n\t<meta name=\"twitter:data2\" content=\"10 minuter\" \/>\n<script type=\"application\/ld+json\" class=\"yoast-schema-graph\">{\"@context\":\"https:\/\/schema.org\",\"@graph\":[{\"@type\":\"Article\",\"@id\":\"https:\/\/smeclimatehub.org\/sv\/make-architecture-markerar-det-1-000e-sma-och-medelstora-foretaget-varlden-over-som-engagerar-sig-i-sme-climate-hub\/#article\",\"isPartOf\":{\"@id\":\"https:\/\/smeclimatehub.org\/sv\/make-architecture-markerar-det-1-000e-sma-och-medelstora-foretaget-varlden-over-som-engagerar-sig-i-sme-climate-hub\/\"},\"author\":{\"name\":\"adel.eskic\",\"@id\":\"https:\/\/businessclimatehub.org\/es\/#\/schema\/person\/a892d1e3d11b36e9af66621ece50f6d1\"},\"headline\":\"Make Architecture markerar det 1 000:e sm\u00e5 och medelstora f\u00f6retaget v\u00e4rlden \u00f6ver som engagerar sig i SME Climate Hub\",\"datePublished\":\"2021-06-10T10:42:28+00:00\",\"dateModified\":\"2025-09-15T21:23:07+00:00\",\"mainEntityOfPage\":{\"@id\":\"https:\/\/smeclimatehub.org\/sv\/make-architecture-markerar-det-1-000e-sma-och-medelstora-foretaget-varlden-over-som-engagerar-sig-i-sme-climate-hub\/\"},\"wordCount\":1990,\"publisher\":{\"@id\":\"https:\/\/businessclimatehub.org\/es\/#organization\"},\"image\":{\"@id\":\"https:\/\/smeclimatehub.org\/sv\/make-architecture-markerar-det-1-000e-sma-och-medelstora-foretaget-varlden-over-som-engagerar-sig-i-sme-climate-hub\/#primaryimage\"},\"thumbnailUrl\":\"https:\/\/smeclimatehub.org\/wp-content\/uploads\/2021\/06\/image-1024x536-1.jpeg\",\"articleSection\":[\"SME Stories\"],\"inLanguage\":\"sv-SE\"},{\"@type\":\"WebPage\",\"@id\":\"https:\/\/smeclimatehub.org\/sv\/make-architecture-markerar-det-1-000e-sma-och-medelstora-foretaget-varlden-over-som-engagerar-sig-i-sme-climate-hub\/\",\"url\":\"https:\/\/smeclimatehub.org\/sv\/make-architecture-markerar-det-1-000e-sma-och-medelstora-foretaget-varlden-over-som-engagerar-sig-i-sme-climate-hub\/\",\"name\":\"Make Architecture markerar det 1 000:e sm\u00e5 och medelstora f\u00f6retaget v\u00e4rlden \u00f6ver som engagerar sig i SME Climate Hub - SME Climate Hub\",\"isPartOf\":{\"@id\":\"https:\/\/businessclimatehub.org\/es\/#website\"},\"primaryImageOfPage\":{\"@id\":\"https:\/\/smeclimatehub.org\/sv\/make-architecture-markerar-det-1-000e-sma-och-medelstora-foretaget-varlden-over-som-engagerar-sig-i-sme-climate-hub\/#primaryimage\"},\"image\":{\"@id\":\"https:\/\/smeclimatehub.org\/sv\/make-architecture-markerar-det-1-000e-sma-och-medelstora-foretaget-varlden-over-som-engagerar-sig-i-sme-climate-hub\/#primaryimage\"},\"thumbnailUrl\":\"https:\/\/smeclimatehub.org\/wp-content\/uploads\/2021\/06\/image-1024x536-1.jpeg\",\"datePublished\":\"2021-06-10T10:42:28+00:00\",\"dateModified\":\"2025-09-15T21:23:07+00:00\",\"breadcrumb\":{\"@id\":\"https:\/\/smeclimatehub.org\/sv\/make-architecture-markerar-det-1-000e-sma-och-medelstora-foretaget-varlden-over-som-engagerar-sig-i-sme-climate-hub\/#breadcrumb\"},\"inLanguage\":\"sv-SE\",\"potentialAction\":[{\"@type\":\"ReadAction\",\"target\":[\"https:\/\/smeclimatehub.org\/sv\/make-architecture-markerar-det-1-000e-sma-och-medelstora-foretaget-varlden-over-som-engagerar-sig-i-sme-climate-hub\/\"]}]},{\"@type\":\"ImageObject\",\"inLanguage\":\"sv-SE\",\"@id\":\"https:\/\/smeclimatehub.org\/sv\/make-architecture-markerar-det-1-000e-sma-och-medelstora-foretaget-varlden-over-som-engagerar-sig-i-sme-climate-hub\/#primaryimage\",\"url\":\"https:\/\/smeclimatehub.org\/wp-content\/uploads\/2021\/06\/image-1024x536-1.jpeg\",\"contentUrl\":\"https:\/\/smeclimatehub.org\/wp-content\/uploads\/2021\/06\/image-1024x536-1.jpeg\",\"width\":1024,\"height\":536},{\"@type\":\"BreadcrumbList\",\"@id\":\"https:\/\/smeclimatehub.org\/sv\/make-architecture-markerar-det-1-000e-sma-och-medelstora-foretaget-varlden-over-som-engagerar-sig-i-sme-climate-hub\/#breadcrumb\",\"itemListElement\":[{\"@type\":\"ListItem\",\"position\":1,\"name\":\"Home\",\"item\":\"https:\/\/smeclimatehub.org\/sv\/\"},{\"@type\":\"ListItem\",\"position\":2,\"name\":\"Make Architecture markerar det 1 000:e sm\u00e5 och medelstora f\u00f6retaget v\u00e4rlden \u00f6ver som engagerar sig i SME Climate Hub\"}]},{\"@type\":\"WebSite\",\"@id\":\"https:\/\/businessclimatehub.org\/es\/#website\",\"url\":\"https:\/\/businessclimatehub.org\/es\/\",\"name\":\"SME Climate hub\",\"description\":\"\",\"publisher\":{\"@id\":\"https:\/\/businessclimatehub.org\/es\/#organization\"},\"potentialAction\":[{\"@type\":\"SearchAction\",\"target\":{\"@type\":\"EntryPoint\",\"urlTemplate\":\"https:\/\/businessclimatehub.org\/es\/?s={search_term_string}\"},\"query-input\":{\"@type\":\"PropertyValueSpecification\",\"valueRequired\":true,\"valueName\":\"search_term_string\"}}],\"inLanguage\":\"sv-SE\"},{\"@type\":\"Organization\",\"@id\":\"https:\/\/businessclimatehub.org\/es\/#organization\",\"name\":\"SME Climate hub\",\"url\":\"https:\/\/businessclimatehub.org\/es\/\",\"logo\":{\"@type\":\"ImageObject\",\"inLanguage\":\"sv-SE\",\"@id\":\"https:\/\/businessclimatehub.org\/es\/#\/schema\/logo\/image\/\",\"url\":\"https:\/\/smeclimatehub.org\/wp-content\/uploads\/2025\/03\/smeLogo-1.png\",\"contentUrl\":\"https:\/\/smeclimatehub.org\/wp-content\/uploads\/2025\/03\/smeLogo-1.png\",\"width\":465,\"height\":245,\"caption\":\"SME Climate hub\"},\"image\":{\"@id\":\"https:\/\/businessclimatehub.org\/es\/#\/schema\/logo\/image\/\"}},{\"@type\":\"Person\",\"@id\":\"https:\/\/businessclimatehub.org\/es\/#\/schema\/person\/a892d1e3d11b36e9af66621ece50f6d1\",\"name\":\"adel.eskic\",\"image\":{\"@type\":\"ImageObject\",\"inLanguage\":\"sv-SE\",\"@id\":\"https:\/\/businessclimatehub.org\/es\/#\/schema\/person\/image\/\",\"url\":\"https:\/\/secure.gravatar.com\/avatar\/c6d0600e135ce420973af3f30adcbef6b3fd43e864e4beed4a1efcafb74d504f?s=96&d=mm&r=g\",\"contentUrl\":\"https:\/\/secure.gravatar.com\/avatar\/c6d0600e135ce420973af3f30adcbef6b3fd43e864e4beed4a1efcafb74d504f?s=96&d=mm&r=g\",\"caption\":\"adel.eskic\"},\"sameAs\":[\"http:\/\/www.serious-fun.se\"],\"url\":\"https:\/\/smeclimatehub.org\/sv\/author\/adel-eskic\/\"}]}<\/script>","yoast_head_json":{"title":"Make Architecture markerar det 1 000:e sm\u00e5 och medelstora f\u00f6retaget v\u00e4rlden \u00f6ver som engagerar sig i SME Climate Hub - SME Climate Hub","robots":{"index":"index","follow":"follow","max-snippet":"max-snippet:-1","max-image-preview":"max-image-preview:large","max-video-preview":"max-video-preview:-1"},"canonical":"https:\/\/smeclimatehub.org\/sv\/make-architecture-markerar-det-1-000e-sma-och-medelstora-foretaget-varlden-over-som-engagerar-sig-i-sme-climate-hub\/","og_locale":"sv_SE","og_type":"article","og_title":"Make Architecture markerar det 1 000:e sm\u00e5 och medelstora f\u00f6retaget v\u00e4rlden \u00f6ver som engagerar sig i SME Climate Hub - SME Climate Hub","og_description":"SME Climate Hub passerade nyligen en viktig milstolpe: \u00f6ver 1 000 sm\u00e5f\u00f6retag fr\u00e5n hela v\u00e4rlden har undertecknat SME Climate Commitment, som s\u00e4tter ett m\u00e5l att halvera koldioxidutsl\u00e4ppen till 2030 och n\u00e5 nettonollutsl\u00e4pp f\u00f6re 2050. Dessa f\u00f6retag driver klimat\u00e5tg\u00e4rder inom olika branscher och geografiska omr\u00e5den. De \u00e4r en del av den globala r\u00f6relsen av sm\u00e5f\u00f6retag som tar sin del f\u00f6r att undvika de v\u00e4rsta effekterna av klimatf\u00f6r\u00e4ndringarna och bygga upp f\u00f6retagens motst\u00e5ndskraft l\u00e4ngs v\u00e4gen.","og_url":"https:\/\/smeclimatehub.org\/sv\/make-architecture-markerar-det-1-000e-sma-och-medelstora-foretaget-varlden-over-som-engagerar-sig-i-sme-climate-hub\/","og_site_name":"SME Climate Hub","article_published_time":"2021-06-10T10:42:28+00:00","article_modified_time":"2025-09-15T21:23:07+00:00","og_image":[{"width":1024,"height":536,"url":"https:\/\/smeclimatehub.org\/wp-content\/uploads\/2021\/06\/image-1024x536-1.jpeg","type":"image\/jpeg"}],"author":"adel.eskic","twitter_card":"summary_large_image","twitter_misc":{"Written by":"adel.eskic","Est. reading time":"10 minuter"},"schema":{"@context":"https:\/\/schema.org","@graph":[{"@type":"Article","@id":"https:\/\/smeclimatehub.org\/sv\/make-architecture-markerar-det-1-000e-sma-och-medelstora-foretaget-varlden-over-som-engagerar-sig-i-sme-climate-hub\/#article","isPartOf":{"@id":"https:\/\/smeclimatehub.org\/sv\/make-architecture-markerar-det-1-000e-sma-och-medelstora-foretaget-varlden-over-som-engagerar-sig-i-sme-climate-hub\/"},"author":{"name":"adel.eskic","@id":"https:\/\/businessclimatehub.org\/es\/#\/schema\/person\/a892d1e3d11b36e9af66621ece50f6d1"},"headline":"Make Architecture markerar det 1 000:e sm\u00e5 och medelstora f\u00f6retaget v\u00e4rlden \u00f6ver som engagerar sig i SME Climate Hub","datePublished":"2021-06-10T10:42:28+00:00","dateModified":"2025-09-15T21:23:07+00:00","mainEntityOfPage":{"@id":"https:\/\/smeclimatehub.org\/sv\/make-architecture-markerar-det-1-000e-sma-och-medelstora-foretaget-varlden-over-som-engagerar-sig-i-sme-climate-hub\/"},"wordCount":1990,"publisher":{"@id":"https:\/\/businessclimatehub.org\/es\/#organization"},"image":{"@id":"https:\/\/smeclimatehub.org\/sv\/make-architecture-markerar-det-1-000e-sma-och-medelstora-foretaget-varlden-over-som-engagerar-sig-i-sme-climate-hub\/#primaryimage"},"thumbnailUrl":"https:\/\/smeclimatehub.org\/wp-content\/uploads\/2021\/06\/image-1024x536-1.jpeg","articleSection":["SME Stories"],"inLanguage":"sv-SE"},{"@type":"WebPage","@id":"https:\/\/smeclimatehub.org\/sv\/make-architecture-markerar-det-1-000e-sma-och-medelstora-foretaget-varlden-over-som-engagerar-sig-i-sme-climate-hub\/","url":"https:\/\/smeclimatehub.org\/sv\/make-architecture-markerar-det-1-000e-sma-och-medelstora-foretaget-varlden-over-som-engagerar-sig-i-sme-climate-hub\/","name":"Make Architecture markerar det 1 000:e sm\u00e5 och medelstora f\u00f6retaget v\u00e4rlden \u00f6ver som engagerar sig i SME Climate Hub - SME Climate Hub","isPartOf":{"@id":"https:\/\/businessclimatehub.org\/es\/#website"},"primaryImageOfPage":{"@id":"https:\/\/smeclimatehub.org\/sv\/make-architecture-markerar-det-1-000e-sma-och-medelstora-foretaget-varlden-over-som-engagerar-sig-i-sme-climate-hub\/#primaryimage"},"image":{"@id":"https:\/\/smeclimatehub.org\/sv\/make-architecture-markerar-det-1-000e-sma-och-medelstora-foretaget-varlden-over-som-engagerar-sig-i-sme-climate-hub\/#primaryimage"},"thumbnailUrl":"https:\/\/smeclimatehub.org\/wp-content\/uploads\/2021\/06\/image-1024x536-1.jpeg","datePublished":"2021-06-10T10:42:28+00:00","dateModified":"2025-09-15T21:23:07+00:00","breadcrumb":{"@id":"https:\/\/smeclimatehub.org\/sv\/make-architecture-markerar-det-1-000e-sma-och-medelstora-foretaget-varlden-over-som-engagerar-sig-i-sme-climate-hub\/#breadcrumb"},"inLanguage":"sv-SE","potentialAction":[{"@type":"ReadAction","target":["https:\/\/smeclimatehub.org\/sv\/make-architecture-markerar-det-1-000e-sma-och-medelstora-foretaget-varlden-over-som-engagerar-sig-i-sme-climate-hub\/"]}]},{"@type":"ImageObject","inLanguage":"sv-SE","@id":"https:\/\/smeclimatehub.org\/sv\/make-architecture-markerar-det-1-000e-sma-och-medelstora-foretaget-varlden-over-som-engagerar-sig-i-sme-climate-hub\/#primaryimage","url":"https:\/\/smeclimatehub.org\/wp-content\/uploads\/2021\/06\/image-1024x536-1.jpeg","contentUrl":"https:\/\/smeclimatehub.org\/wp-content\/uploads\/2021\/06\/image-1024x536-1.jpeg","width":1024,"height":536},{"@type":"BreadcrumbList","@id":"https:\/\/smeclimatehub.org\/sv\/make-architecture-markerar-det-1-000e-sma-och-medelstora-foretaget-varlden-over-som-engagerar-sig-i-sme-climate-hub\/#breadcrumb","itemListElement":[{"@type":"ListItem","position":1,"name":"Home","item":"https:\/\/smeclimatehub.org\/sv\/"},{"@type":"ListItem","position":2,"name":"Make Architecture markerar det 1 000:e sm\u00e5 och medelstora f\u00f6retaget v\u00e4rlden \u00f6ver som engagerar sig i SME Climate Hub"}]},{"@type":"WebSite","@id":"https:\/\/businessclimatehub.org\/es\/#website","url":"https:\/\/businessclimatehub.org\/es\/","name":"SME Climate hub","description":"","publisher":{"@id":"https:\/\/businessclimatehub.org\/es\/#organization"},"potentialAction":[{"@type":"SearchAction","target":{"@type":"EntryPoint","urlTemplate":"https:\/\/businessclimatehub.org\/es\/?s={search_term_string}"},"query-input":{"@type":"PropertyValueSpecification","valueRequired":true,"valueName":"search_term_string"}}],"inLanguage":"sv-SE"},{"@type":"Organization","@id":"https:\/\/businessclimatehub.org\/es\/#organization","name":"SME Climate hub","url":"https:\/\/businessclimatehub.org\/es\/","logo":{"@type":"ImageObject","inLanguage":"sv-SE","@id":"https:\/\/businessclimatehub.org\/es\/#\/schema\/logo\/image\/","url":"https:\/\/smeclimatehub.org\/wp-content\/uploads\/2025\/03\/smeLogo-1.png","contentUrl":"https:\/\/smeclimatehub.org\/wp-content\/uploads\/2025\/03\/smeLogo-1.png","width":465,"height":245,"caption":"SME Climate hub"},"image":{"@id":"https:\/\/businessclimatehub.org\/es\/#\/schema\/logo\/image\/"}},{"@type":"Person","@id":"https:\/\/businessclimatehub.org\/es\/#\/schema\/person\/a892d1e3d11b36e9af66621ece50f6d1","name":"adel.eskic","image":{"@type":"ImageObject","inLanguage":"sv-SE","@id":"https:\/\/businessclimatehub.org\/es\/#\/schema\/person\/image\/","url":"https:\/\/secure.gravatar.com\/avatar\/c6d0600e135ce420973af3f30adcbef6b3fd43e864e4beed4a1efcafb74d504f?s=96&d=mm&r=g","contentUrl":"https:\/\/secure.gravatar.com\/avatar\/c6d0600e135ce420973af3f30adcbef6b3fd43e864e4beed4a1efcafb74d504f?s=96&d=mm&r=g","caption":"adel.eskic"},"sameAs":["http:\/\/www.serious-fun.se"],"url":"https:\/\/smeclimatehub.org\/sv\/author\/adel-eskic\/"}]}},"_links":{"self":[{"href":"https:\/\/smeclimatehub.org\/sv\/wp-json\/wp\/v2\/posts\/86531","targetHints":{"allow":["GET"]}}],"collection":[{"href":"https:\/\/smeclimatehub.org\/sv\/wp-json\/wp\/v2\/posts"}],"about":[{"href":"https:\/\/smeclimatehub.org\/sv\/wp-json\/wp\/v2\/types\/post"}],"author":[{"embeddable":true,"href":"https:\/\/smeclimatehub.org\/sv\/wp-json\/wp\/v2\/users\/10027"}],"replies":[{"embeddable":true,"href":"https:\/\/smeclimatehub.org\/sv\/wp-json\/wp\/v2\/comments?post=86531"}],"version-history":[{"count":0,"href":"https:\/\/smeclimatehub.org\/sv\/wp-json\/wp\/v2\/posts\/86531\/revisions"}],"wp:featuredmedia":[{"embeddable":true,"href":"https:\/\/smeclimatehub.org\/sv\/wp-json\/wp\/v2\/media\/29226"}],"wp:attachment":[{"href":"https:\/\/smeclimatehub.org\/sv\/wp-json\/wp\/v2\/media?parent=86531"}],"wp:term":[{"taxonomy":"category","embeddable":true,"href":"https:\/\/smeclimatehub.org\/sv\/wp-json\/wp\/v2\/categories?post=86531"},{"taxonomy":"post_tag","embeddable":true,"href":"https:\/\/smeclimatehub.org\/sv\/wp-json\/wp\/v2\/tags?post=86531"}],"curies":[{"name":"wp","href":"https:\/\/api.w.org\/{rel}","templated":true}]}}